{"id":1542,"date":"2025-03-03T11:24:07","date_gmt":"2025-03-03T10:24:07","guid":{"rendered":"https:\/\/boldlog.com\/?p=1542"},"modified":"2025-04-04T11:42:09","modified_gmt":"2025-04-04T09:42:09","slug":"bold-logistics-prepares-for-intermodal-south-america-2025","status":"publish","type":"post","link":"https:\/\/boldlog.com\/en\/2025\/03\/03\/bold-logistics-prepares-for-intermodal-south-america-2025\/","title":{"rendered":"Bold Logistics prepares for INTERMODAL SOUTH AMERICA 2025"},"content":{"rendered":"<div data-elementor-type=\"wp-post\" data-elementor-id=\"1542\" class=\"elementor elementor-1542\" data-elementor-post-type=\"post\">\n\t\t\t\t<div class=\"elementor-element elementor-element-803654e e-flex e-con-boxed e-con e-child\" data-id=\"803654e\" data-element_type=\"container\" data-settings=\"{&quot;background_background&quot;:&quot;classic&quot;}\">\n\t\t\t\t\t<div class=\"e-con-inner\">\n\t\t<div class=\"elementor-element elementor-element-c084e3e e-con-full e-flex e-con e-child\" data-id=\"c084e3e\" data-element_type=\"container\">\n\t\t\t\t<div class=\"elementor-element elementor-element-9cac6e4 elementor-widget__width-initial elementor-invisible elementor-widget elementor-widget-text-editor\" data-id=\"9cac6e4\" data-element_type=\"widget\" data-settings=\"{&quot;_animation&quot;:&quot;fadeInUp&quot;,&quot;_animation_delay&quot;:900}\" data-widget_type=\"text-editor.default\">\n\t\t\t\t<div class=\"elementor-widget-container\">\n\t\t\t\t\t\t\t\t\t<p>Of the <strong>April 22-24<\/strong>, <strong>Bold Logistics<\/strong> will be present in <strong>INTERMODAL SOUTH AMERICA 2025<\/strong>, the most important event of <strong>Logistics, freight transport, and foreign trade in Latin America<\/strong>. <strong>Sao Paulo<\/strong> It will be the epicenter where the main players in the sector will meet to <strong>Connect, innovate, and empower the future of global logistics<\/strong>.<\/p>\t\t\t\t\t\t\t\t<\/div>\n\t\t\t\t<\/div>\n\t\t\t\t<div class=\"elementor-element elementor-element-c7b10f5 elementor-widget-mobile__width-initial elementor-invisible elementor-widget elementor-widget-heading\" data-id=\"c7b10f5\" data-element_type=\"widget\" data-settings=\"{&quot;_animation_delay&quot;:300,&quot;_animation&quot;:&quot;fadeInRight&quot;}\" data-widget_type=\"heading.default\">\n\t\t\t\t<div class=\"elementor-widget-container\">\n\t\t\t\t\t<p class=\"elementor-heading-title elementor-size-default\">INTERMODAL SOUTH AMERICA 2025 is the ideal place to meet new partners, strengthen relationships with potential clients, and share ideas with other logistics professionals.<\/p>\t\t\t\t<\/div>\n\t\t\t\t<\/div>\n\t\t\t\t<\/div>\n\t\t<div class=\"elementor-element elementor-element-e074093 e-con-full e-flex elementor-invisible e-con e-child\" data-id=\"e074093\" data-element_type=\"container\" data-settings=\"{&quot;background_background&quot;:&quot;classic&quot;,&quot;animation&quot;:&quot;fadeInRight&quot;}\">\n\t\t\t\t<\/div>\n\t\t\t\t\t<\/div>\n\t\t\t\t<\/div>\n\t\t<div class=\"elementor-element elementor-element-2e3d3c4 e-flex e-con-boxed e-con e-parent\" data-id=\"2e3d3c4\" data-element_type=\"container\">\n\t\t\t\t\t<div class=\"e-con-inner\">\n\t\t\t\t<div class=\"elementor-element elementor-element-f2c40da elementor-widget-mobile__width-initial elementor-invisible elementor-widget elementor-widget-heading\" data-id=\"f2c40da\" data-element_type=\"widget\" data-settings=\"{&quot;_animation&quot;:&quot;fadeInLeft&quot;,&quot;_animation_delay&quot;:300}\" data-widget_type=\"heading.default\">\n\t\t\t\t<div class=\"elementor-widget-container\">\n\t\t\t\t\t<h2 class=\"elementor-heading-title elementor-size-default\">Why will we be in INTERMODAL?<\/h2>\t\t\t\t<\/div>\n\t\t\t\t<\/div>\n\t\t\t\t<div class=\"elementor-element elementor-element-db16e1d elementor-widget-divider--view-line elementor-invisible elementor-widget elementor-widget-divider\" data-id=\"db16e1d\" data-element_type=\"widget\" data-settings=\"{&quot;_animation&quot;:&quot;fadeInDown&quot;,&quot;_animation_delay&quot;:900}\" data-widget_type=\"divider.default\">\n\t\t\t\t<div class=\"elementor-widget-container\">\n\t\t\t\t\t\t\t<div class=\"elementor-divider\">\n\t\t\t<span class=\"elementor-divider-separator\">\n\t\t\t\t\t\t<\/span>\n\t\t<\/div>\n\t\t\t\t\t\t<\/div>\n\t\t\t\t<\/div>\n\t\t<div class=\"elementor-element elementor-element-9008061 e-con-full e-flex e-con e-child\" data-id=\"9008061\" data-element_type=\"container\" data-settings=\"{&quot;background_background&quot;:&quot;classic&quot;}\">\n\t\t<div class=\"elementor-element elementor-element-e71592e e-con-full e-flex e-con e-child\" data-id=\"e71592e\" data-element_type=\"container\">\n\t\t\t\t<div class=\"elementor-element elementor-element-44e9d87 elementor-widget__width-inherit elementor-invisible elementor-widget elementor-widget-text-editor\" data-id=\"44e9d87\" data-element_type=\"widget\" data-settings=\"{&quot;_animation&quot;:&quot;fadeInUp&quot;,&quot;_animation_delay&quot;:900}\" data-widget_type=\"text-editor.default\">\n\t\t\t\t<div class=\"elementor-widget-container\">\n\t\t\t\t\t\t\t\t\t<p>In <strong>Bold Logistics<\/strong>, we believe in the power of connections and how they <strong>strategic alliances<\/strong> can boost the growth of the sector. <strong>INTERMODAL SOUTH AMERICA 2025<\/strong> It is the ideal place for <strong>Meet new partners, strengthen relationships with potential clients, and share ideas<\/strong> with other logistics professionals.<\/p><p>We are motivated to be part of <strong>Key conversations on the future of transportation and the supply chain<\/strong>, in a space where <strong>innovation and collaboration<\/strong> make the difference.<\/p>\t\t\t\t\t\t\t\t<\/div>\n\t\t\t\t<\/div>\n\t\t\t\t<\/div>\n\t\t\t\t<\/div>\n\t\t<div class=\"elementor-element elementor-element-f831c58 e-con-full e-flex e-con e-child\" data-id=\"f831c58\" data-element_type=\"container\" data-settings=\"{&quot;background_background&quot;:&quot;classic&quot;}\">\n\t\t<div class=\"elementor-element elementor-element-d1f3ea3 e-con-full e-flex e-con e-child\" data-id=\"d1f3ea3\" data-element_type=\"container\">\n\t\t<div class=\"elementor-element elementor-element-f06b290 e-con-full e-flex e-con e-child\" data-id=\"f06b290\" data-element_type=\"container\">\n\t\t\t\t<div class=\"elementor-element elementor-element-f73e535 elementor-widget-mobile__width-initial elementor-widget__width-initial elementor-invisible elementor-widget elementor-widget-heading\" data-id=\"f73e535\" data-element_type=\"widget\" data-settings=\"{&quot;_animation&quot;:&quot;fadeInLeft&quot;,&quot;_animation_delay&quot;:300}\" data-widget_type=\"heading.default\">\n\t\t\t\t<div class=\"elementor-widget-container\">\n\t\t\t\t\t<h2 class=\"elementor-heading-title elementor-size-default\">Want to connect with us on INTERMODAL?<\/h2>\t\t\t\t<\/div>\n\t\t\t\t<\/div>\n\t\t\t\t<div class=\"elementor-element elementor-element-4fa41d6 elementor-widget-divider--view-line elementor-invisible elementor-widget elementor-widget-divider\" data-id=\"4fa41d6\" data-element_type=\"widget\" data-settings=\"{&quot;_animation&quot;:&quot;fadeInDown&quot;,&quot;_animation_delay&quot;:900}\" data-widget_type=\"divider.default\">\n\t\t\t\t<div class=\"elementor-widget-container\">\n\t\t\t\t\t\t\t<div class=\"elementor-divider\">\n\t\t\t<span class=\"elementor-divider-separator\">\n\t\t\t\t\t\t<\/span>\n\t\t<\/div>\n\t\t\t\t\t\t<\/div>\n\t\t\t\t<\/div>\n\t\t\t\t<div class=\"elementor-element elementor-element-d1ee8d1 elementor-widget__width-inherit elementor-invisible elementor-widget elementor-widget-text-editor\" data-id=\"d1ee8d1\" data-element_type=\"widget\" data-settings=\"{&quot;_animation&quot;:&quot;fadeInUp&quot;,&quot;_animation_delay&quot;:900}\" data-widget_type=\"text-editor.default\">\n\t\t\t\t<div class=\"elementor-widget-container\">\n\t\t\t\t\t\t\t\t\t<p>If you attend the event and want to talk about <strong>new opportunities, innovative logistics solutions or simply exchange ideas<\/strong>, we&#039;d love to meet you! <strong>Xavier Contreras<\/strong>, representative of <strong>Bold Logistics<\/strong>, will be available for <strong>meetings and networking<\/strong>.<\/p>\t\t\t\t\t\t\t\t<\/div>\n\t\t\t\t<\/div>\n\t\t\t\t<div class=\"elementor-element elementor-element-6651066 elementor-icon-list--layout-inline elementor-align-left elementor-list-item-link-full_width elementor-widget elementor-widget-icon-list\" data-id=\"6651066\" data-element_type=\"widget\" data-widget_type=\"icon-list.default\">\n\t\t\t\t<div class=\"elementor-widget-container\">\n\t\t\t\t\t\t\t<ul class=\"elementor-icon-list-items elementor-inline-items\">\n\t\t\t\t\t\t\t<li class=\"elementor-icon-list-item elementor-inline-item\">\n\t\t\t\t\t\t\t\t\t\t\t<a href=\"\">\n\n\t\t\t\t\t\t\t\t\t\t\t\t<span class=\"elementor-icon-list-icon\">\n\t\t\t\t\t\t\t<svg aria-hidden=\"true\" class=\"e-font-icon-svg e-fas-pen\" viewbox=\"0 0 512 512\" xmlns=\"http:\/\/www.w3.org\/2000\/svg\"><path d=\"M290.74 93.24l128.02 128.02-277.99 277.99-114.14 12.6C11.35 513.54-1.56 500.62.14 485.34l12.7-114.22 277.9-277.88zm207.2-19.06l-60.11-60.11c-18.75-18.75-49.16-18.75-67.91 0l-56.55 56.55 128.02 128.02 56.55-56.55c18.75-18.76 18.75-49.16 0-67.91z\"><\/path><\/svg>\t\t\t\t\t\t<\/span>\n\t\t\t\t\t\t\t\t\t\t<span class=\"elementor-icon-list-text\">x.contreras@boldlog.com<\/span>\n\t\t\t\t\t\t\t\t\t\t\t<\/a>\n\t\t\t\t\t\t\t\t\t<\/li>\n\t\t\t\t\t\t<\/ul>\n\t\t\t\t\t\t<\/div>\n\t\t\t\t<\/div>\n\t\t\t\t<\/div>\n\t\t\t\t<\/div>\n\t\t<div class=\"elementor-element elementor-element-4c07c1e e-con-full e-flex e-con e-child\" data-id=\"4c07c1e\" data-element_type=\"container\" data-settings=\"{&quot;background_background&quot;:&quot;classic&quot;}\">\n\t\t\t\t<\/div>\n\t\t\t\t<\/div>\n\t\t\t\t\t<\/div>\n\t\t\t\t<\/div>\n\t\t<div class=\"elementor-element elementor-element-5c8d286 e-flex e-con-boxed e-con e-parent\" data-id=\"5c8d286\" data-element_type=\"container\">\n\t\t\t\t\t<div class=\"e-con-inner\">\n\t\t<div class=\"elementor-element elementor-element-9e307fa e-con-full e-flex e-con e-child\" data-id=\"9e307fa\" data-element_type=\"container\">\n\t\t\t\t<div class=\"elementor-element elementor-element-c7a8682 elementor-widget-mobile__width-initial elementor-widget__width-initial elementor-invisible elementor-widget elementor-widget-heading\" data-id=\"c7a8682\" data-element_type=\"widget\" data-settings=\"{&quot;_animation&quot;:&quot;fadeInLeft&quot;,&quot;_animation_delay&quot;:300}\" data-widget_type=\"heading.default\">\n\t\t\t\t<div class=\"elementor-widget-container\">\n\t\t\t\t\t<h2 class=\"elementor-heading-title elementor-size-default\">See you in Sao Paulo<\/h2>\t\t\t\t<\/div>\n\t\t\t\t<\/div>\n\t\t\t\t<div class=\"elementor-element elementor-element-bf77158 elementor-widget-divider--view-line elementor-invisible elementor-widget elementor-widget-divider\" data-id=\"bf77158\" data-element_type=\"widget\" data-settings=\"{&quot;_animation&quot;:&quot;fadeInDown&quot;,&quot;_animation_delay&quot;:900}\" data-widget_type=\"divider.default\">\n\t\t\t\t<div class=\"elementor-widget-container\">\n\t\t\t\t\t\t\t<div class=\"elementor-divider\">\n\t\t\t<span class=\"elementor-divider-separator\">\n\t\t\t\t\t\t<\/span>\n\t\t<\/div>\n\t\t\t\t\t\t<\/div>\n\t\t\t\t<\/div>\n\t\t\t\t<div class=\"elementor-element elementor-element-de02b4d elementor-widget__width-inherit elementor-invisible elementor-widget elementor-widget-text-editor\" data-id=\"de02b4d\" data-element_type=\"widget\" data-settings=\"{&quot;_animation&quot;:&quot;fadeInUp&quot;,&quot;_animation_delay&quot;:900}\" data-widget_type=\"text-editor.default\">\n\t\t\t\t<div class=\"elementor-widget-container\">\n\t\t\t\t\t\t\t\t\t<p>The <strong>logistics of the future<\/strong> is built today, and in <strong>INTERMODAL SOUTH AMERICA 2025<\/strong>, <strong>Bold Logistics<\/strong> will be present for <strong>be part of the change<\/strong>.<\/p><p>See you there!<\/p>\t\t\t\t\t\t\t\t<\/div>\n\t\t\t\t<\/div>\n\t\t\t\t<\/div>\n\t\t\t\t\t<\/div>\n\t\t\t\t<\/div>\n\t\t\t\t<\/div>","protected":false},"excerpt":{"rendered":"<p>From April 22-24, Bold Logistics will be present at INTERMODAL SOUTH AMERICA 2025, the most important logistics, freight transportation, and foreign trade event in Latin America. Sao Paulo will be the epicenter where the sector&#039;s leading players will gather to connect, innovate, and empower the future of global logistics. INTERMODAL [\u2026]<\/p>","protected":false},"author":1,"featured_media":1997,"comment_status":"open","ping_status":"open","sticky":false,"template":"","format":"standard","meta":{"inline_featured_image":false,"footnotes":""},"categories":[1],"tags":[],"class_list":["post-1542","post","type-post","status-publish","format-standard","has-post-thumbnail","hentry","category-bold-logistics"],"yoast_head":"<!-- This site is optimized with the Yoast SEO plugin v26.3 - https:\/\/yoast.com\/wordpress\/plugins\/seo\/ -->\n<title>Bold Logistics se prepara para INTERMODAL SOUTH AMERICA 2025<\/title>\n<meta name=\"description\" content=\"Bold Logistics estar\u00e1 presente en INTERMODAL SOUTH AMERICA 2025, el evento m\u00e1s importante de log\u00edstica y comercio exterior en Am\u00e9rica Latina. Conoce nuestras soluciones log\u00edsticas innovadoras en Sao Paulo.\" \/>\n<meta name=\"robots\" content=\"index, follow, max-snippet:-1, max-image-preview:large, max-video-preview:-1\" \/>\n<link rel=\"canonical\" href=\"https:\/\/boldlog.com\/en\/2025\/03\/03\/bold-logistics-prepares-for-intermodal-south-america-2025\/\" \/>\n<meta property=\"og:locale\" content=\"en_US\" \/>\n<meta property=\"og:type\" content=\"article\" \/>\n<meta property=\"og:title\" content=\"Bold Logistics se prepara para INTERMODAL SOUTH AMERICA 2025\" \/>\n<meta property=\"og:description\" content=\"Bold Logistics estar\u00e1 presente en INTERMODAL SOUTH AMERICA 2025, el evento m\u00e1s importante de log\u00edstica y comercio exterior en Am\u00e9rica Latina. Conoce nuestras soluciones log\u00edsticas innovadoras en Sao Paulo.\" \/>\n<meta property=\"og:url\" content=\"https:\/\/boldlog.com\/en\/2025\/03\/03\/bold-logistics-prepares-for-intermodal-south-america-2025\/\" \/>\n<meta property=\"og:site_name\" content=\"Bold Logistics\" \/>\n<meta property=\"article:published_time\" content=\"2025-03-03T10:24:07+00:00\" \/>\n<meta property=\"article:modified_time\" content=\"2025-04-04T09:42:09+00:00\" \/>\n<meta property=\"og:image\" content=\"https:\/\/boldlog.com\/wp-content\/uploads\/2025\/02\/CENU_Sao_Paulo_Brasil-scaled.jpg\" \/>\n\t<meta property=\"og:image:width\" content=\"2560\" \/>\n\t<meta property=\"og:image:height\" content=\"1280\" \/>\n\t<meta property=\"og:image:type\" content=\"image\/jpeg\" \/>\n<meta name=\"author\" content=\"admin_az\" \/>\n<meta name=\"twitter:card\" content=\"summary_large_image\" \/>\n<meta name=\"twitter:label1\" content=\"Written by\" \/>\n\t<meta name=\"twitter:data1\" content=\"admin_az\" \/>\n\t<meta name=\"twitter:label2\" content=\"Est. reading time\" \/>\n\t<meta name=\"twitter:data2\" content=\"2 minutes\" \/>\n<script type=\"application\/ld+json\" class=\"yoast-schema-graph\">{\"@context\":\"https:\/\/schema.org\",\"@graph\":[{\"@type\":\"Article\",\"@id\":\"https:\/\/boldlog.com\/en\/2025\/03\/03\/bold-logistics-prepares-for-intermodal-south-america-2025\/#article\",\"isPartOf\":{\"@id\":\"https:\/\/boldlog.com\/en\/2025\/03\/03\/bold-logistics-prepares-for-intermodal-south-america-2025\/\"},\"author\":{\"name\":\"admin_az\",\"@id\":\"https:\/\/boldlog.com\/#\/schema\/person\/59dddda4341be598bbf4d991d35a9314\"},\"headline\":\"Bold Logistics se prepara para INTERMODAL SOUTH AMERICA 2025\",\"datePublished\":\"2025-03-03T10:24:07+00:00\",\"dateModified\":\"2025-04-04T09:42:09+00:00\",\"mainEntityOfPage\":{\"@id\":\"https:\/\/boldlog.com\/en\/2025\/03\/03\/bold-logistics-prepares-for-intermodal-south-america-2025\/\"},\"wordCount\":250,\"commentCount\":0,\"publisher\":{\"@id\":\"https:\/\/boldlog.com\/#organization\"},\"image\":{\"@id\":\"https:\/\/boldlog.com\/en\/2025\/03\/03\/bold-logistics-prepares-for-intermodal-south-america-2025\/#primaryimage\"},\"thumbnailUrl\":\"https:\/\/boldlog.com\/wp-content\/uploads\/2025\/02\/CENU_Sao_Paulo_Brasil-scaled.jpg\",\"articleSection\":[\"BOLD Logistics\"],\"inLanguage\":\"en-US\",\"potentialAction\":[{\"@type\":\"CommentAction\",\"name\":\"Comment\",\"target\":[\"https:\/\/boldlog.com\/en\/2025\/03\/03\/bold-logistics-prepares-for-intermodal-south-america-2025\/#respond\"]}]},{\"@type\":\"WebPage\",\"@id\":\"https:\/\/boldlog.com\/en\/2025\/03\/03\/bold-logistics-prepares-for-intermodal-south-america-2025\/\",\"url\":\"https:\/\/boldlog.com\/en\/2025\/03\/03\/bold-logistics-prepares-for-intermodal-south-america-2025\/\",\"name\":\"Bold Logistics se prepara para INTERMODAL SOUTH AMERICA 2025\",\"isPartOf\":{\"@id\":\"https:\/\/boldlog.com\/#website\"},\"primaryImageOfPage\":{\"@id\":\"https:\/\/boldlog.com\/en\/2025\/03\/03\/bold-logistics-prepares-for-intermodal-south-america-2025\/#primaryimage\"},\"image\":{\"@id\":\"https:\/\/boldlog.com\/en\/2025\/03\/03\/bold-logistics-prepares-for-intermodal-south-america-2025\/#primaryimage\"},\"thumbnailUrl\":\"https:\/\/boldlog.com\/wp-content\/uploads\/2025\/02\/CENU_Sao_Paulo_Brasil-scaled.jpg\",\"datePublished\":\"2025-03-03T10:24:07+00:00\",\"dateModified\":\"2025-04-04T09:42:09+00:00\",\"description\":\"Bold Logistics estar\u00e1 presente en INTERMODAL SOUTH AMERICA 2025, el evento m\u00e1s importante de log\u00edstica y comercio exterior en Am\u00e9rica Latina. Conoce nuestras soluciones log\u00edsticas innovadoras en Sao Paulo.\",\"breadcrumb\":{\"@id\":\"https:\/\/boldlog.com\/en\/2025\/03\/03\/bold-logistics-prepares-for-intermodal-south-america-2025\/#breadcrumb\"},\"inLanguage\":\"en-US\",\"potentialAction\":[{\"@type\":\"ReadAction\",\"target\":[\"https:\/\/boldlog.com\/en\/2025\/03\/03\/bold-logistics-prepares-for-intermodal-south-america-2025\/\"]}]},{\"@type\":\"ImageObject\",\"inLanguage\":\"en-US\",\"@id\":\"https:\/\/boldlog.com\/en\/2025\/03\/03\/bold-logistics-prepares-for-intermodal-south-america-2025\/#primaryimage\",\"url\":\"https:\/\/boldlog.com\/wp-content\/uploads\/2025\/02\/CENU_Sao_Paulo_Brasil-scaled.jpg\",\"contentUrl\":\"https:\/\/boldlog.com\/wp-content\/uploads\/2025\/02\/CENU_Sao_Paulo_Brasil-scaled.jpg\",\"width\":2560,\"height\":1280},{\"@type\":\"BreadcrumbList\",\"@id\":\"https:\/\/boldlog.com\/en\/2025\/03\/03\/bold-logistics-prepares-for-intermodal-south-america-2025\/#breadcrumb\",\"itemListElement\":[{\"@type\":\"ListItem\",\"position\":1,\"name\":\"Inicio\",\"item\":\"https:\/\/boldlog.com\/\"},{\"@type\":\"ListItem\",\"position\":2,\"name\":\"Bold Logistics se prepara para INTERMODAL SOUTH AMERICA 2025\"}]},{\"@type\":\"WebSite\",\"@id\":\"https:\/\/boldlog.com\/#website\",\"url\":\"https:\/\/boldlog.com\/\",\"name\":\"Bold Logistics\",\"description\":\"Log\u00edstica audaz\",\"publisher\":{\"@id\":\"https:\/\/boldlog.com\/#organization\"},\"potentialAction\":[{\"@type\":\"SearchAction\",\"target\":{\"@type\":\"EntryPoint\",\"urlTemplate\":\"https:\/\/boldlog.com\/?s={search_term_string}\"},\"query-input\":{\"@type\":\"PropertyValueSpecification\",\"valueRequired\":true,\"valueName\":\"search_term_string\"}}],\"inLanguage\":\"en-US\"},{\"@type\":\"Organization\",\"@id\":\"https:\/\/boldlog.com\/#organization\",\"name\":\"Bold Logistics\",\"url\":\"https:\/\/boldlog.com\/\",\"logo\":{\"@type\":\"ImageObject\",\"inLanguage\":\"en-US\",\"@id\":\"https:\/\/boldlog.com\/#\/schema\/logo\/image\/\",\"url\":\"https:\/\/boldlog.com\/wp-content\/uploads\/2024\/11\/logo.svg\",\"contentUrl\":\"https:\/\/boldlog.com\/wp-content\/uploads\/2024\/11\/logo.svg\",\"width\":212,\"height\":75,\"caption\":\"Bold Logistics\"},\"image\":{\"@id\":\"https:\/\/boldlog.com\/#\/schema\/logo\/image\/\"}},{\"@type\":\"Person\",\"@id\":\"https:\/\/boldlog.com\/#\/schema\/person\/59dddda4341be598bbf4d991d35a9314\",\"name\":\"admin_az\",\"image\":{\"@type\":\"ImageObject\",\"inLanguage\":\"en-US\",\"@id\":\"https:\/\/boldlog.com\/#\/schema\/person\/image\/\",\"url\":\"https:\/\/secure.gravatar.com\/avatar\/45a81ccbd757e2fd833fbcefb8dd80bab3a0045f38f4fee970f16440a9bde30e?s=96&d=mm&r=g\",\"contentUrl\":\"https:\/\/secure.gravatar.com\/avatar\/45a81ccbd757e2fd833fbcefb8dd80bab3a0045f38f4fee970f16440a9bde30e?s=96&d=mm&r=g\",\"caption\":\"admin_az\"},\"sameAs\":[\"https:\/\/boldlog.com\"]}]}<\/script>\n<!-- \/ Yoast SEO plugin. -->","yoast_head_json":{"title":"Bold Logistics prepares for INTERMODAL SOUTH AMERICA 2025","description":"Bold Logistics will be present at INTERMODAL SOUTH AMERICA 2025, the most important logistics and foreign trade event in Latin America. Discover our innovative logistics solutions in Sao Paulo.","robots":{"index":"index","follow":"follow","max-snippet":"max-snippet:-1","max-image-preview":"max-image-preview:large","max-video-preview":"max-video-preview:-1"},"canonical":"https:\/\/boldlog.com\/en\/2025\/03\/03\/bold-logistics-prepares-for-intermodal-south-america-2025\/","og_locale":"en_US","og_type":"article","og_title":"Bold Logistics se prepara para INTERMODAL SOUTH AMERICA 2025","og_description":"Bold Logistics estar\u00e1 presente en INTERMODAL SOUTH AMERICA 2025, el evento m\u00e1s importante de log\u00edstica y comercio exterior en Am\u00e9rica Latina. Conoce nuestras soluciones log\u00edsticas innovadoras en Sao Paulo.","og_url":"https:\/\/boldlog.com\/en\/2025\/03\/03\/bold-logistics-prepares-for-intermodal-south-america-2025\/","og_site_name":"Bold Logistics","article_published_time":"2025-03-03T10:24:07+00:00","article_modified_time":"2025-04-04T09:42:09+00:00","og_image":[{"width":2560,"height":1280,"url":"https:\/\/boldlog.com\/wp-content\/uploads\/2025\/02\/CENU_Sao_Paulo_Brasil-scaled.jpg","type":"image\/jpeg"}],"author":"admin_az","twitter_card":"summary_large_image","twitter_misc":{"Written by":"admin_az","Est. reading time":"2 minutes"},"schema":{"@context":"https:\/\/schema.org","@graph":[{"@type":"Article","@id":"https:\/\/boldlog.com\/en\/2025\/03\/03\/bold-logistics-prepares-for-intermodal-south-america-2025\/#article","isPartOf":{"@id":"https:\/\/boldlog.com\/en\/2025\/03\/03\/bold-logistics-prepares-for-intermodal-south-america-2025\/"},"author":{"name":"admin_az","@id":"https:\/\/boldlog.com\/#\/schema\/person\/59dddda4341be598bbf4d991d35a9314"},"headline":"Bold Logistics se prepara para INTERMODAL SOUTH AMERICA 2025","datePublished":"2025-03-03T10:24:07+00:00","dateModified":"2025-04-04T09:42:09+00:00","mainEntityOfPage":{"@id":"https:\/\/boldlog.com\/en\/2025\/03\/03\/bold-logistics-prepares-for-intermodal-south-america-2025\/"},"wordCount":250,"commentCount":0,"publisher":{"@id":"https:\/\/boldlog.com\/#organization"},"image":{"@id":"https:\/\/boldlog.com\/en\/2025\/03\/03\/bold-logistics-prepares-for-intermodal-south-america-2025\/#primaryimage"},"thumbnailUrl":"https:\/\/boldlog.com\/wp-content\/uploads\/2025\/02\/CENU_Sao_Paulo_Brasil-scaled.jpg","articleSection":["BOLD Logistics"],"inLanguage":"en-US","potentialAction":[{"@type":"CommentAction","name":"Comment","target":["https:\/\/boldlog.com\/en\/2025\/03\/03\/bold-logistics-prepares-for-intermodal-south-america-2025\/#respond"]}]},{"@type":"WebPage","@id":"https:\/\/boldlog.com\/en\/2025\/03\/03\/bold-logistics-prepares-for-intermodal-south-america-2025\/","url":"https:\/\/boldlog.com\/en\/2025\/03\/03\/bold-logistics-prepares-for-intermodal-south-america-2025\/","name":"Bold Logistics prepares for INTERMODAL SOUTH AMERICA 2025","isPartOf":{"@id":"https:\/\/boldlog.com\/#website"},"primaryImageOfPage":{"@id":"https:\/\/boldlog.com\/en\/2025\/03\/03\/bold-logistics-prepares-for-intermodal-south-america-2025\/#primaryimage"},"image":{"@id":"https:\/\/boldlog.com\/en\/2025\/03\/03\/bold-logistics-prepares-for-intermodal-south-america-2025\/#primaryimage"},"thumbnailUrl":"https:\/\/boldlog.com\/wp-content\/uploads\/2025\/02\/CENU_Sao_Paulo_Brasil-scaled.jpg","datePublished":"2025-03-03T10:24:07+00:00","dateModified":"2025-04-04T09:42:09+00:00","description":"Bold Logistics will be present at INTERMODAL SOUTH AMERICA 2025, the most important logistics and foreign trade event in Latin America. Discover our innovative logistics solutions in Sao Paulo.","breadcrumb":{"@id":"https:\/\/boldlog.com\/en\/2025\/03\/03\/bold-logistics-prepares-for-intermodal-south-america-2025\/#breadcrumb"},"inLanguage":"en-US","potentialAction":[{"@type":"ReadAction","target":["https:\/\/boldlog.com\/en\/2025\/03\/03\/bold-logistics-prepares-for-intermodal-south-america-2025\/"]}]},{"@type":"ImageObject","inLanguage":"en-US","@id":"https:\/\/boldlog.com\/en\/2025\/03\/03\/bold-logistics-prepares-for-intermodal-south-america-2025\/#primaryimage","url":"https:\/\/boldlog.com\/wp-content\/uploads\/2025\/02\/CENU_Sao_Paulo_Brasil-scaled.jpg","contentUrl":"https:\/\/boldlog.com\/wp-content\/uploads\/2025\/02\/CENU_Sao_Paulo_Brasil-scaled.jpg","width":2560,"height":1280},{"@type":"BreadcrumbList","@id":"https:\/\/boldlog.com\/en\/2025\/03\/03\/bold-logistics-prepares-for-intermodal-south-america-2025\/#breadcrumb","itemListElement":[{"@type":"ListItem","position":1,"name":"Inicio","item":"https:\/\/boldlog.com\/"},{"@type":"ListItem","position":2,"name":"Bold Logistics se prepara para INTERMODAL SOUTH AMERICA 2025"}]},{"@type":"WebSite","@id":"https:\/\/boldlog.com\/#website","url":"https:\/\/boldlog.com\/","name":"Bold Logistics","description":"Bold logistics","publisher":{"@id":"https:\/\/boldlog.com\/#organization"},"potentialAction":[{"@type":"SearchAction","target":{"@type":"EntryPoint","urlTemplate":"https:\/\/boldlog.com\/?s={search_term_string}"},"query-input":{"@type":"PropertyValueSpecification","valueRequired":true,"valueName":"search_term_string"}}],"inLanguage":"en-US"},{"@type":"Organization","@id":"https:\/\/boldlog.com\/#organization","name":"Bold Logistics","url":"https:\/\/boldlog.com\/","logo":{"@type":"ImageObject","inLanguage":"en-US","@id":"https:\/\/boldlog.com\/#\/schema\/logo\/image\/","url":"https:\/\/boldlog.com\/wp-content\/uploads\/2024\/11\/logo.svg","contentUrl":"https:\/\/boldlog.com\/wp-content\/uploads\/2024\/11\/logo.svg","width":212,"height":75,"caption":"Bold Logistics"},"image":{"@id":"https:\/\/boldlog.com\/#\/schema\/logo\/image\/"}},{"@type":"Person","@id":"https:\/\/boldlog.com\/#\/schema\/person\/59dddda4341be598bbf4d991d35a9314","name":"admin_az","image":{"@type":"ImageObject","inLanguage":"en-US","@id":"https:\/\/boldlog.com\/#\/schema\/person\/image\/","url":"https:\/\/secure.gravatar.com\/avatar\/45a81ccbd757e2fd833fbcefb8dd80bab3a0045f38f4fee970f16440a9bde30e?s=96&d=mm&r=g","contentUrl":"https:\/\/secure.gravatar.com\/avatar\/45a81ccbd757e2fd833fbcefb8dd80bab3a0045f38f4fee970f16440a9bde30e?s=96&d=mm&r=g","caption":"admin_az"},"sameAs":["https:\/\/boldlog.com"]}]}},"_links":{"self":[{"href":"https:\/\/boldlog.com\/en\/wp-json\/wp\/v2\/posts\/1542","targetHints":{"allow":["GET"]}}],"collection":[{"href":"https:\/\/boldlog.com\/en\/wp-json\/wp\/v2\/posts"}],"about":[{"href":"https:\/\/boldlog.com\/en\/wp-json\/wp\/v2\/types\/post"}],"author":[{"embeddable":true,"href":"https:\/\/boldlog.com\/en\/wp-json\/wp\/v2\/users\/1"}],"replies":[{"embeddable":true,"href":"https:\/\/boldlog.com\/en\/wp-json\/wp\/v2\/comments?post=1542"}],"version-history":[{"count":13,"href":"https:\/\/boldlog.com\/en\/wp-json\/wp\/v2\/posts\/1542\/revisions"}],"predecessor-version":[{"id":2484,"href":"https:\/\/boldlog.com\/en\/wp-json\/wp\/v2\/posts\/1542\/revisions\/2484"}],"wp:featuredmedia":[{"embeddable":true,"href":"https:\/\/boldlog.com\/en\/wp-json\/wp\/v2\/media\/1997"}],"wp:attachment":[{"href":"https:\/\/boldlog.com\/en\/wp-json\/wp\/v2\/media?parent=1542"}],"wp:term":[{"taxonomy":"category","embeddable":true,"href":"https:\/\/boldlog.com\/en\/wp-json\/wp\/v2\/categories?post=1542"},{"taxonomy":"post_tag","embeddable":true,"href":"https:\/\/boldlog.com\/en\/wp-json\/wp\/v2\/tags?post=1542"}],"curies":[{"name":"wp","href":"https:\/\/api.w.org\/{rel}","templated":true}]}}